{"id":3753,"date":"2024-10-31T13:25:03","date_gmt":"2024-10-31T12:25:03","guid":{"rendered":"https:\/\/costadamorte.info\/?p=3753"},"modified":"2024-11-21T06:54:17","modified_gmt":"2024-11-21T05:54:17","slug":"a-brief-autobiography-of-xan-fernandez-carrera","status":"publish","type":"post","link":"https:\/\/guia.visitacostadamorte.com\/en\/a-brief-autobiography-of-xan-fernandez-carrera\/","title":{"rendered":"A brief autobiography of Xan Fern\u00e1ndez Carrera"},"content":{"rendered":"\n<p>This entry presents the autobiography of Xan Fern\u00e1ndez Carrera, a teacher, researcher, and prominent advocate of Costa da Morte&#8217;s culture. In his own words, Fern\u00e1ndez Carrera recounts his personal and professional journey, from his childhood in Ponte do Porto to his years teaching in Berganti\u00f1os, promoting an innovative pedagogy committed to the local environment. His life journey and love for Galicia led him to deeply explore Costa da Morte, a region to which he has dedicated numerous projects and publications to preserve and share its essence with future generations.<\/p>\n\n\n\n<h2 class=\"wp-block-heading\">Biographical overview of Xan Fern\u00e1ndez Carrera<\/h2>\n\n\n\n<p>The chance event of being born in A Piroga (Bamiro-Vimianzo) in the winter of 1951 was due to my parents&#8217; itinerant work. I soon returned to their homeland, to the parish of A Gra\u00f1a (Covelo-Pontevedra), where I spent my childhood and learned my first letters in a rural school. Later, I moved back to Terra de Soneira, to Ponte do Porto (Camari\u00f1as), a town my parents chose as their permanent residence. Here, I spent my adolescence and much of my youth. I continued my education and began high school as a private student, which I later completed in A Coru\u00f1a, where I pursued a teaching degree. After finishing my studies, I started my teaching career in the same city while also furthering my training in Pedagogy. Following a year in Baixo Mi\u00f1o, in Goi\u00e1n (Tomi\u00f1o), I arrived in Coristanco, at the CP &#8220;Alcalde Xos\u00e9 Pichel,&#8221; where I spent my entire professional life, which led me to settle in Carballo, alternating, for family reasons, with Mux\u00eda.<\/p>\n\n\n\n<p>My main concern during my early teaching years, particularly upon arriving in Berganti\u00f1os, was to seek a new methodology for teaching, one that would break away from traditional schooling. The discovery of Piaget&#8217;s psychology, Freinet&#8217;s pedagogy, and Paulo Freire&#8217;s teachings, along with my involvement in the Cooperative Popular School Movement&#8217;s working groups, completely transformed my perspective on education and learning methodologies and brought me closer to a new view of reality and the world.<\/p>\n\n\n\n<p>In this new school, where cooperation, creativity, and research were essential, understanding the students&#8217; environment and creating new teaching materials became indispensable for conducting classes.<\/p>\n","protected":false},"excerpt":{"rendered":"<p>This entry presents the autobiography of Xan Fern\u00e1ndez Carrera, a teacher, researcher, and prominent advocate of Costa da Morte&#8217;s culture. In his own words, Fern\u00e1ndez Carrera recounts his personal and professional journey, from his childhood in Ponte do Porto to his years teaching in Berganti\u00f1os, promoting an innovative pedagogy committed to the local environment. His [&hellip;]<\/p>\n","protected":false},"author":1,"featured_media":2909,"comment_status":"open","ping_status":"closed","sticky":false,"template":"","format":"standard","meta":{"_acf_changed":false,"slim_seo":{"title":"A brief autobiography of Xan Fern\u00e1ndez Carrera - Costa da Morte, conf\u00edn de Europa","description":"This entry presents the autobiography of Xan Fern\u00e1ndez Carrera, a teacher, researcher, and prominent advocate of Costa da Morte's culture. In his own words, Fer"},"footnotes":""},"categories":[8],"tags":[52],"class_list":["post-3753","post","type-post","status-publish","format-standard","has-post-thumbnail","hentry","category-blog-en-2","tag-xan-fernandez-carrera-en"],"acf":[],"_links":{"self":[{"href":"https:\/\/guia.visitacostadamorte.com\/en\/wp-json\/wp\/v2\/posts\/3753","targetHints":{"allow":["GET"]}}],"collection":[{"href":"https:\/\/guia.visitacostadamorte.com\/en\/wp-json\/wp\/v2\/posts"}],"about":[{"href":"https:\/\/guia.visitacostadamorte.com\/en\/wp-json\/wp\/v2\/types\/post"}],"author":[{"embeddable":true,"href":"https:\/\/guia.visitacostadamorte.com\/en\/wp-json\/wp\/v2\/users\/1"}],"replies":[{"embeddable":true,"href":"https:\/\/guia.visitacostadamorte.com\/en\/wp-json\/wp\/v2\/comments?post=3753"}],"version-history":[{"count":1,"href":"https:\/\/guia.visitacostadamorte.com\/en\/wp-json\/wp\/v2\/posts\/3753\/revisions"}],"predecessor-version":[{"id":3756,"href":"https:\/\/guia.visitacostadamorte.com\/en\/wp-json\/wp\/v2\/posts\/3753\/revisions\/3756"}],"wp:featuredmedia":[{"embeddable":true,"href":"https:\/\/guia.visitacostadamorte.com\/en\/wp-json\/wp\/v2\/media\/2909"}],"wp:attachment":[{"href":"https:\/\/guia.visitacostadamorte.com\/en\/wp-json\/wp\/v2\/media?parent=3753"}],"wp:term":[{"taxonomy":"category","embeddable":true,"href":"https:\/\/guia.visitacostadamorte.com\/en\/wp-json\/wp\/v2\/categories?post=3753"},{"taxonomy":"post_tag","embeddable":true,"href":"https:\/\/guia.visitacostadamorte.com\/en\/wp-json\/wp\/v2\/tags?post=3753"}],"curies":[{"name":"wp","href":"https:\/\/api.w.org\/{rel}","templated":true}]}}