{"id":3761,"date":"2024-10-13T13:10:56","date_gmt":"2024-10-13T11:10:56","guid":{"rendered":"https:\/\/costadamorte.info\/?p=3761"},"modified":"2024-11-21T07:06:31","modified_gmt":"2024-11-21T06:06:31","slug":"presentation-of-the-book-a-costa-da-morte-edge-of-europe-at-nautico-de-razo","status":"publish","type":"post","link":"https:\/\/guia.visitacostadamorte.com\/en\/presentation-of-the-book-a-costa-da-morte-edge-of-europe-at-nautico-de-razo\/","title":{"rendered":"Presentation of the Book A Costa da Morte, Edge of Europe at N\u00e1utico de Razo"},"content":{"rendered":"\n<p>On Tuesday, April 2, 2024, a special event was held at the N\u00e1utico de Razo (Carballo) to promote the book <em>A Costa da Morte, Edge of Europe<\/em>, written by Xan Fern\u00e1ndez Carrera. This publication, funded by Turismo de Galicia, offers a comprehensive guide to the region, covering its geography, history, legends, and tourist routes across 450 illustrated and bilingual pages (Galician and Spanish).<\/p>\n\n\n\n<p>During the event, the Asociaci\u00f3n de Profesionais de Turismo da Costa da Morte (APTCM) presented copies of the book to the mayors of the municipalities that are part of the Costa da Morte geodestination. Additionally, the books will be distributed to municipal libraries, tourist offices, and technical staff involved in promoting the region.<\/p>\n\n\n\n<p>The event featured key figures in the promotion of tourism in Galicia, including Xos\u00e9 Manuel Merelles, a representative from Turismo de Galicia, and Xos\u00e9 Regueira, Vice President of the Deputaci\u00f3n da Coru\u00f1a and Tourism Deputy, who highlighted the importance of this project as an example of synergy between the business sector and public administrations to boost tourism in the region.<\/p>\n\n\n\n<p>Members of APTCM who had not yet received a copy of the book were invited to attend, and it was noted that the book is also available at the Parador Costa da Morte and the Balneario de Carballo.<\/p>\n\n\n\n<p>This work represents a significant step in promoting Costa da Morte as a tourist destination, providing a detailed guide that will enable both locals and visitors to discover the most fascinating corners of this legendary coast.<\/p>\n","protected":false},"excerpt":{"rendered":"<p>On Tuesday, April 2, 2024, a special event was held at the N\u00e1utico de Razo (Carballo) to promote the book A Costa da Morte, Edge of Europe, written by Xan Fern\u00e1ndez Carrera. This publication, funded by Turismo de Galicia, offers a comprehensive guide to the region, covering its geography, history, legends, and tourist routes across [&hellip;]<\/p>\n","protected":false},"author":1,"featured_media":2922,"comment_status":"open","ping_status":"closed","sticky":false,"template":"","format":"standard","meta":{"_acf_changed":false,"slim_seo":{"title":"Presentation of the Book A Costa da Morte, Edge of Europe at N\u00e1utico de Razo - Costa da Morte, conf\u00edn de Europa","description":"On Tuesday, April 2, 2024, a special event was held at the N\u00e1utico de Razo (Carballo) to promote the book A Costa da Morte, Edge of Europe , written by Xan Fern"},"footnotes":""},"categories":[8],"tags":[48,50,54],"class_list":["post-3761","post","type-post","status-publish","format-standard","has-post-thumbnail","hentry","category-blog-en-2","tag-aptcm-en-2","tag-nautico-de-razo-en","tag-presentation"],"acf":[],"_links":{"self":[{"href":"https:\/\/guia.visitacostadamorte.com\/en\/wp-json\/wp\/v2\/posts\/3761","targetHints":{"allow":["GET"]}}],"collection":[{"href":"https:\/\/guia.visitacostadamorte.com\/en\/wp-json\/wp\/v2\/posts"}],"about":[{"href":"https:\/\/guia.visitacostadamorte.com\/en\/wp-json\/wp\/v2\/types\/post"}],"author":[{"embeddable":true,"href":"https:\/\/guia.visitacostadamorte.com\/en\/wp-json\/wp\/v2\/users\/1"}],"replies":[{"embeddable":true,"href":"https:\/\/guia.visitacostadamorte.com\/en\/wp-json\/wp\/v2\/comments?post=3761"}],"version-history":[{"count":1,"href":"https:\/\/guia.visitacostadamorte.com\/en\/wp-json\/wp\/v2\/posts\/3761\/revisions"}],"predecessor-version":[{"id":3764,"href":"https:\/\/guia.visitacostadamorte.com\/en\/wp-json\/wp\/v2\/posts\/3761\/revisions\/3764"}],"wp:featuredmedia":[{"embeddable":true,"href":"https:\/\/guia.visitacostadamorte.com\/en\/wp-json\/wp\/v2\/media\/2922"}],"wp:attachment":[{"href":"https:\/\/guia.visitacostadamorte.com\/en\/wp-json\/wp\/v2\/media?parent=3761"}],"wp:term":[{"taxonomy":"category","embeddable":true,"href":"https:\/\/guia.visitacostadamorte.com\/en\/wp-json\/wp\/v2\/categories?post=3761"},{"taxonomy":"post_tag","embeddable":true,"href":"https:\/\/guia.visitacostadamorte.com\/en\/wp-json\/wp\/v2\/tags?post=3761"}],"curies":[{"name":"wp","href":"https:\/\/api.w.org\/{rel}","templated":true}]}}