{"id":3762,"date":"2024-10-13T13:10:56","date_gmt":"2024-10-13T11:10:56","guid":{"rendered":"https:\/\/costadamorte.info\/?p=3762"},"modified":"2024-11-21T07:05:20","modified_gmt":"2024-11-21T06:05:20","slug":"presentacion-do-libro-a-costa-da-morte-confin-de-europa-no-nautico-de-razo","status":"publish","type":"post","link":"https:\/\/guia.visitacostadamorte.com\/gl\/presentacion-do-libro-a-costa-da-morte-confin-de-europa-no-nautico-de-razo\/","title":{"rendered":"Presentaci\u00f3n do libro A Costa da Morte, Conf\u00edn de Europa no N\u00e1utico de Razo"},"content":{"rendered":"\n<p>O martes 2 de abril de 2024, tivo lugar nas instalaci\u00f3ns do N\u00e1utico de Razo (Carballo) un evento especial para a promoci\u00f3n do libro <em>A Costa da Morte, Conf\u00edn de Europa<\/em>, escrito por Xan Fern\u00e1ndez Carrera. Esta publicaci\u00f3n, financiada por Turismo de Galicia, ofrece unha gu\u00eda completa da rexi\u00f3n, abordando tanto a s\u00faa xeograf\u00eda, historia e lendas como as s\u00faas rutas tur\u00edsticas, a trav\u00e9s de 450 p\u00e1xinas ilustradas e biling\u00fces (galego e castel\u00e1n).<\/p>\n\n\n\n<p>Durante o evento, a Asociaci\u00f3n de Profesionais de Turismo da Costa da Morte (APTCM) fixo entrega de exemplares do libro aos alcaldes e alcaldesas dos concellos que forman parte do xeodestino Costa da Morte. Ademais, os libros ser\u00e1n distribu\u00eddos nas bibliotecas municipais, oficinas de turismo e entre o persoal t\u00e9cnico que traballa na promoci\u00f3n do territorio.<\/p>\n\n\n\n<p>O acto contou coa presenza de figuras clave na promoci\u00f3n do turismo en Galicia, como Xos\u00e9 Manuel Merelles, representante de Turismo de Galicia, e Xos\u00e9 Regueira, vicepresidente da Deputaci\u00f3n da Coru\u00f1a e deputado de Turismo, que destacaron a importancia deste proxecto como exemplo de sinerx\u00eda entre o sector empresarial e as administraci\u00f3ns p\u00fablicas para dinamizar o turismo na rexi\u00f3n.<\/p>\n\n\n\n<p>Ademais, convidouse aos socios e socias da APTCM que a\u00ednda non recibiran un exemplar do libro a asistir ao acto, e lembrouse que o libro tam\u00e9n est\u00e1 dispo\u00f1ible no Parador Costa da Morte e no Balneario de Carballo.<\/p>\n\n\n\n<p>Esta obra representa un paso importante na posta en valor da Costa da Morte como destino tur\u00edstico, proporcionando unha gu\u00eda detallada que permitir\u00e1 tanto a locais como a visitantes descubrir os recunchos m\u00e1is fascinantes desta costa lendaria.<\/p>\n","protected":false},"excerpt":{"rendered":"<p>O martes 2 de abril de 2024, tivo lugar nas instalaci\u00f3ns do N\u00e1utico de Razo (Carballo) un evento especial para a promoci\u00f3n do libro A Costa da Morte, Conf\u00edn de Europa, escrito por Xan Fern\u00e1ndez Carrera. Esta publicaci\u00f3n, financiada por Turismo de Galicia, ofrece unha gu\u00eda completa da rexi\u00f3n, abordando tanto a s\u00faa xeograf\u00eda, historia [&hellip;]<\/p>\n","protected":false},"author":1,"featured_media":2923,"comment_status":"open","ping_status":"closed","sticky":false,"template":"","format":"standard","meta":{"_acf_changed":false,"slim_seo":{"title":"Presentaci\u00f3n do libro A Costa da Morte, Conf\u00edn de Europa no N\u00e1utico de Razo - Costa da Morte, conf\u00edn de Europa","description":"O martes 2 de abril de 2024, tivo lugar nas instalaci\u00f3ns do N\u00e1utico de Razo (Carballo) un evento especial para a promoci\u00f3n do libro A Costa da Morte, Conf\u00edn de"},"footnotes":""},"categories":[7],"tags":[49,51,55],"class_list":["post-3762","post","type-post","status-publish","format-standard","has-post-thumbnail","hentry","category-blog-gl-2","tag-aptcm-gl","tag-nautico-de-razo-gl","tag-presentacion-gl"],"acf":[],"_links":{"self":[{"href":"https:\/\/guia.visitacostadamorte.com\/gl\/wp-json\/wp\/v2\/posts\/3762","targetHints":{"allow":["GET"]}}],"collection":[{"href":"https:\/\/guia.visitacostadamorte.com\/gl\/wp-json\/wp\/v2\/posts"}],"about":[{"href":"https:\/\/guia.visitacostadamorte.com\/gl\/wp-json\/wp\/v2\/types\/post"}],"author":[{"embeddable":true,"href":"https:\/\/guia.visitacostadamorte.com\/gl\/wp-json\/wp\/v2\/users\/1"}],"replies":[{"embeddable":true,"href":"https:\/\/guia.visitacostadamorte.com\/gl\/wp-json\/wp\/v2\/comments?post=3762"}],"version-history":[{"count":1,"href":"https:\/\/guia.visitacostadamorte.com\/gl\/wp-json\/wp\/v2\/posts\/3762\/revisions"}],"predecessor-version":[{"id":3763,"href":"https:\/\/guia.visitacostadamorte.com\/gl\/wp-json\/wp\/v2\/posts\/3762\/revisions\/3763"}],"wp:featuredmedia":[{"embeddable":true,"href":"https:\/\/guia.visitacostadamorte.com\/gl\/wp-json\/wp\/v2\/media\/2923"}],"wp:attachment":[{"href":"https:\/\/guia.visitacostadamorte.com\/gl\/wp-json\/wp\/v2\/media?parent=3762"}],"wp:term":[{"taxonomy":"category","embeddable":true,"href":"https:\/\/guia.visitacostadamorte.com\/gl\/wp-json\/wp\/v2\/categories?post=3762"},{"taxonomy":"post_tag","embeddable":true,"href":"https:\/\/guia.visitacostadamorte.com\/gl\/wp-json\/wp\/v2\/tags?post=3762"}],"curies":[{"name":"wp","href":"https:\/\/api.w.org\/{rel}","templated":true}]}}